{"id":568,"date":"2024-08-20T20:29:08","date_gmt":"2024-08-20T18:29:08","guid":{"rendered":"https:\/\/frauwolle.at\/2022_wp_pxl\/?p=568"},"modified":"2025-09-18T17:57:36","modified_gmt":"2025-09-18T15:57:36","slug":"einladen-feiern","status":"publish","type":"post","link":"https:\/\/frauwolle.at\/en_uk\/einladen-feiern\/","title":{"rendered":"Invite"},"content":{"rendered":"<p>Inviting me is easy - just call:\u00a0<a href=\"tel:+43512370316\">+43 512 370316<\/a>\u00a0<br>or write me an email: <a href=\"mailto:frauwolle@frauwolle.at\">frauwolle@frauwolle.at<\/a><br>Sometimes it takes me a little longer to answer emails.<br>All dates that have already been booked can be seen in <strong>dates <\/strong>online <a href=\"https:\/\/frauwolle.at\/en_uk\/kalender\/\" target=\"_blank\" rel=\"noreferrer noopener\">Calendar<\/a> .<\/p>\n\n\n\n<h2 class=\"wp-block-heading\">Where?<\/h2>\n\n\n\n<p>In the living room\u2026 in the restaurant\u2026 in the garden\u2026 in the forest\u2026 by the fire\u2026 in the educational center\u2026 on the stage\u2026 in the hotel\u2026 in the bank\u2026 in the hay barn\u2026 in the tent\u2026 in the courtyard\u2026 in the castle\u2026 in the parlor\u2026 in the library and much more.<br>I have been to many places and am looking forward to many more!<br>People meet in a room, at a seminar, at a folk tale evening, at a party, around a fire or walk together through the forest ... <strong>listen and share the magic of the moment.<\/strong><br>Departing from the everyday world together we enter the magical archaic world of age-old tales.<\/p>\n\n\n\n<h2 class=\"wp-block-heading\">When?<\/h2>\n\n\n\n<ul class=\"wp-block-list\">\n<li>for birthdays, weddings, company celebrations, anniversaries, retirement parties, as a welcome, as a farewell ... <br>and especially for guests from different countries - <strong>people who don't speak German but understand English!<\/strong><\/li>\n\n\n\n<li>at all imaginable celebrations and festivals;<\/li>\n\n\n\n<li>at seminars and congresses as a prelude to get you in the mood, in the middle to change perspective, or as a conclusion on the last evening;<\/li>\n\n\n\n<li>at a cultural event or in the library -  in the small village as well as in the big city.<\/li>\n<\/ul>\n\n\n\n<h2 class=\"wp-block-heading\">For Whom<\/h2>\n\n\n\n<ul class=\"wp-block-list\">\n<li>For friends, mothers, loved ones, buddies, grandfathers, uncles-in-law, hard-working employees, favourite customers, bosses in need of relaxation,<br>for all kinds of relatives and acquaintances, the village community, visitors, guests ...<\/li>\n\n\n\n<li>for 3 or 300 people <strong>ages 13 to 101<\/strong><\/li>\n\n\n\n<li>as an extraordinary gift for a special person, perhaps even for yourself.<\/li>\n<\/ul>\n\n\n\n<p>I would love to come and take you into the world of folk tales, with or without music, in one language or in English and German!<\/p>\n\n\n\n<h2 class=\"wp-block-heading\">An Evening with Stories<\/h2>\n\n\n\n<p class=\"translation-block\">A storytelling evening (that is not part of a bigger event) consists of two 45-minute parts with a break in between. I tell <strong>five to ten folktales<\/strong> and stories each lasting between one and 30 minutes. If I am accompanied by <a href=\"https:\/\/frauwolle.at\/en_uk\/musik\/\" target=\"_blank\" rel=\"noreferrer noopener\">Music<\/a>, melodies and words weave a tapestry and the music enhances the moods of a story. <br>\nI do not tell stories word for word; while the essence of a tale stays the same it is interpreted differently each time. I tell vividly, from mouth to ear to heart. <br>\nI generously share my treasure trove of special, ancient, diverse fairy tales and traditional wisdom stories. <br>\nWhat I tell can mesmerize, make you laugh, amaze and touch you. <br>\nThe stories come from all over the world and I travel all over the world with them \u2026 maybe even to you?<\/p>\n\n\n\n<h2 class=\"wp-block-heading\">A Celebration<\/h2>\n\n\n\n<p>At longer parties, I usually tell for about half an hour after the main course, often again after dessert and sometimes a third time towards the end of the get-together.&nbsp;<\/p>\n\n\n\n<figure class=\"wp-block-image size-large\"><img decoding=\"async\" src=\"https:\/\/frauwolle.at\/wp-content\/uploads\/2022\/04\/anpruggen-1024x205.jpg\" alt=\"\" class=\"wp-image-574\"\/><\/figure>\n\n\n\n<h2 class=\"wp-block-heading\">Financial Matters<\/h2>\n\n\n\n<p><strong>Price\/fee\/money\/financial matters\/gold coins\/ducats\/dirhams\/:<\/strong> by personal agreement - there is no fixed price or fee.<\/p>\n\n\n\n<p><strong>Plus traveling expenses:<\/strong> I almost always travel by train from Innsbruck. <br>The duration of the journey makes little difference to the fee, I like travelling and I travel very often and far.<br>In the interests of the environment, I only fly when there is no other option (to Algeria, for example).<\/p>\n\n\n\n<figure class=\"wp-block-pullquote\"><blockquote><p><em>In the old days, they always gave the best place by the fire to the storytellers ...&nbsp;<\/em><\/p><cite>heard from the Salzburg storyteller Kai<\/cite><\/blockquote><\/figure>\n\n\n\n<div style=\"height:50px\" aria-hidden=\"true\" class=\"wp-block-spacer\"><\/div>\n\n\n<style type='text\/css' media='all'>#tss-container-2071847554.tss-wrapper .tss-layout10 .item-content-wrapper,\r\n\t\t\t\t\t#tss-container-2071847554.tss-wrapper .tss-isotope3 .item-content-wrapper,\r\n\t\t\t\t\t#tss-container-2071847554.tss-wrapper .tss-isotope5 .item-content-wrapper,\r\n\t\t\t\t\t#tss-container-2071847554.tss-wrapper .tss-carousel10 .item-content-wrapper{background: transparent;}<\/style><div class='rt-container-fluid tss-wrapper testi-ueber-css' id='tss-container-2071847554'  data-layout='carousel3' data-desktop-col='2'  data-tab-col='2'  data-mobile-col='1'><div data-title='Loading ...' class='rt-row tss-carousel3 tss-even tss-pre-loader'><div class=\"carousel-wrapper\"><div  class='tss-carousel swiper'\r\n\t\t\t\t\t\t\t\t\t\tdata-loop='true'\r\n\t\t\t\t\t\t\t\t\t\tdata-items-desktop='2'\r\n\t\t\t\t\t\t\t\t\t\tdata-items-tab='2'\r\n\t\t\t\t\t\t\t\t\t\tdata-items-mobile='1'\r\n\t\t\t\t\t\t\t\t\t\tdata-autoplay='true'\r\n\t\t\t\t\t\t\t\t\t\tdata-autoplay-timeout='18000'\r\n\t\t\t\t\t\t\t\t\t\tdata-autoplay-hover-pause='false'\r\n\t\t\t\t\t\t\t\t\t\tdata-dots='true'\r\n\t\t\t\t\t\t\t\t\t\tdata-nav='false'\r\n\t\t\t\t\t\t\t\t\t\tdata-lazy-load='false'\r\n\t\t\t\t\t\t\t\t\t\tdata-auto-height='false'\r\n\t\t\t\t\t\t\t\t\t\tdata-smart-speed='1000'\r\n\t\t\t\t\t\t\t\t\t\t><div class=\"swiper-wrapper\"><div class='rt-col-md-12 rt-col-sm-12 rt-col-xs-12 even-grid-item tss-grid-item slide-item swiper-slide even-grid-item default-margin'><div class=\"single-item-wrapper\"><div class=\"tss-meta-info\"><\/div><h4 class=\"author-bio\"><span class='item-company'>Ursel and Karlheinz Buchwald<\/span>, <span class='author-location'>retired teachers and puppeteers, Cologne<\/span><\/h4><div class=\"item-content-wrapper\"><div class='item-content'>... it was amazing to see and hear you create an atmosphere in which we could feel comfortable in a very short time... We listened with our mouths open and were mesmerised. We knew from the internet that you were good, but experiencing you live is so much more.<\/div><\/div><\/div><\/div><div class='rt-col-md-12 rt-col-sm-12 rt-col-xs-12 even-grid-item tss-grid-item slide-item swiper-slide even-grid-item default-margin'><div class=\"single-item-wrapper\"><div class=\"tss-meta-info\"><\/div><h4 class=\"author-bio\"><span class='item-company'>Brigitte Vaupel<\/span>, <span class='author-location'>Organiser and storyteller at the Erz\u00e4hlwerkstatt Braunschweig, e.V.<\/span><\/h4><div class=\"item-content-wrapper\"><div class='item-content'><p>You have a fascinating way of telling traditional stories in such a way that I recognized familiar characters. The people were so accurately portrayed that I wouldn't have been surprised if they had been in the audience. Your fairy tales were so lively!<\/p>\n<\/div><\/div><\/div><\/div><div class='rt-col-md-12 rt-col-sm-12 rt-col-xs-12 even-grid-item tss-grid-item slide-item swiper-slide even-grid-item default-margin'><div class=\"single-item-wrapper\"><div class=\"tss-meta-info\"><\/div><h4 class=\"author-bio\"><span class='item-company'>Mathias Hellmann<\/span>, <span class='author-location'>Lawyer and storyteller, Berlin<\/span><\/h4><div class=\"item-content-wrapper\"><div class='item-content'><p>Listening to you makes me feel cozy and inspires me at the same time!<\/p>\n<\/div><\/div><\/div><\/div><div class='rt-col-md-12 rt-col-sm-12 rt-col-xs-12 even-grid-item tss-grid-item slide-item swiper-slide even-grid-item default-margin'><div class=\"single-item-wrapper\"><div class=\"tss-meta-info\"><\/div><h4 class=\"author-bio\"><span class='item-company'>Ann Elie Selig<\/span>, <span class='author-location'>Retired secretary, Vienna, after her birthday party<\/span><\/h4><div class=\"item-content-wrapper\"><div class='item-content'><p>Everyone was blown away, completely enthusiastic, you have once again managed to open up a new world for the guests, as everyone repeatedly tells me in messages and phone calls that are still coming in.<\/p>\n<\/div><\/div><\/div><\/div><\/div><div class=\"swiper-pagination\"><\/div><\/div><\/div><div class=\"rt-loading-overlay\"><\/div><div class=\"rt-loading rt-ball-clip-rotate\"><div><\/div><\/div><\/div><\/div>","protected":false},"excerpt":{"rendered":"<p>&#8230; mich einladen ist leicht. <br \/>Ich lebe in Tirol, reise oft und weit, erz\u00e4hle an vielen verschiedenen Orten und f\u00fcr ganz unterschiedliche Menschen!<\/p>","protected":false},"author":1,"featured_media":141,"comment_status":"closed","ping_status":"open","sticky":false,"template":"single-no-separators-hierjetzt","format":"standard","meta":{"footnotes":""},"categories":[1,7],"tags":[],"class_list":["post-568","post","type-post","status-publish","format-standard","has-post-thumbnail","hentry","category-allgemein","category-angebote"],"featured_image_src":"https:\/\/frauwolle.at\/wp-content\/uploads\/2022\/04\/vor-ort-2.jpg","author_info":{"display_name":"pixlerei","author_link":"https:\/\/frauwolle.at\/en_uk\/author\/pixlerei\/"},"yoast_head":"<!-- This site is optimized with the Yoast SEO plugin v27.5 - https:\/\/yoast.com\/product\/yoast-seo-wordpress\/ -->\n<title>Einladen - M\u00e4rchenerz\u00e4hlerin Frau Wolle<\/title>\n<meta name=\"robots\" content=\"index, follow, max-snippet:-1, max-image-preview:large, max-video-preview:-1\" \/>\n<link rel=\"canonical\" href=\"https:\/\/frauwolle.at\/en_uk\/einladen-feiern\/\" \/>\n<meta property=\"og:locale\" content=\"en_US\" \/>\n<meta property=\"og:type\" content=\"article\" \/>\n<meta property=\"og:title\" content=\"Einladen - M\u00e4rchenerz\u00e4hlerin Frau Wolle\" \/>\n<meta property=\"og:description\" content=\"... mich einladen ist leicht. Ich lebe in Tirol, reise oft und weit, erz\u00e4hle an vielen verschiedenen Orten und f\u00fcr ganz unterschiedliche Menschen!\" \/>\n<meta property=\"og:url\" content=\"https:\/\/frauwolle.at\/en_uk\/einladen-feiern\/\" \/>\n<meta property=\"og:site_name\" content=\"M\u00e4rchenerz\u00e4hlerin Frau Wolle\" \/>\n<meta property=\"article:published_time\" content=\"2024-08-20T18:29:08+00:00\" \/>\n<meta property=\"article:modified_time\" content=\"2025-09-18T15:57:36+00:00\" \/>\n<meta property=\"og:image\" content=\"https:\/\/frauwolle.at\/wp-content\/uploads\/2022\/04\/vor-ort-2.jpg\" \/>\n\t<meta property=\"og:image:width\" content=\"477\" \/>\n\t<meta property=\"og:image:height\" content=\"236\" \/>\n\t<meta property=\"og:image:type\" content=\"image\/jpeg\" \/>\n<meta name=\"author\" content=\"pixlerei\" \/>\n<meta name=\"twitter:card\" content=\"summary_large_image\" \/>\n<meta name=\"twitter:label1\" content=\"Written by\" \/>\n\t<meta name=\"twitter:data1\" content=\"pixlerei\" \/>\n\t<meta name=\"twitter:label2\" content=\"Est. reading time\" \/>\n\t<meta name=\"twitter:data2\" content=\"3 minutes\" \/>\n<script type=\"application\/ld+json\" class=\"yoast-schema-graph\">{\"@context\":\"https:\\\/\\\/schema.org\",\"@graph\":[{\"@type\":\"Article\",\"@id\":\"https:\\\/\\\/frauwolle.at\\\/einladen-feiern\\\/#article\",\"isPartOf\":{\"@id\":\"https:\\\/\\\/frauwolle.at\\\/einladen-feiern\\\/\"},\"author\":{\"name\":\"pixlerei\",\"@id\":\"https:\\\/\\\/frauwolle.at\\\/#\\\/schema\\\/person\\\/dc2f9535e5452c41fe4ab467af9bb17d\"},\"headline\":\"Einladen\",\"datePublished\":\"2024-08-20T18:29:08+00:00\",\"dateModified\":\"2025-09-18T15:57:36+00:00\",\"mainEntityOfPage\":{\"@id\":\"https:\\\/\\\/frauwolle.at\\\/einladen-feiern\\\/\"},\"wordCount\":498,\"publisher\":{\"@id\":\"https:\\\/\\\/frauwolle.at\\\/#\\\/schema\\\/person\\\/0b5b278292d8feda95d2b1707ce2c028\"},\"image\":{\"@id\":\"https:\\\/\\\/frauwolle.at\\\/einladen-feiern\\\/#primaryimage\"},\"thumbnailUrl\":\"https:\\\/\\\/frauwolle.at\\\/wp-content\\\/uploads\\\/2022\\\/04\\\/vor-ort-2.jpg\",\"articleSection\":[\"Allgemein\",\"Angebote\"],\"inLanguage\":\"en-UK\"},{\"@type\":\"WebPage\",\"@id\":\"https:\\\/\\\/frauwolle.at\\\/einladen-feiern\\\/\",\"url\":\"https:\\\/\\\/frauwolle.at\\\/einladen-feiern\\\/\",\"name\":\"Einladen - M\u00e4rchenerz\u00e4hlerin Frau Wolle\",\"isPartOf\":{\"@id\":\"https:\\\/\\\/frauwolle.at\\\/#website\"},\"primaryImageOfPage\":{\"@id\":\"https:\\\/\\\/frauwolle.at\\\/einladen-feiern\\\/#primaryimage\"},\"image\":{\"@id\":\"https:\\\/\\\/frauwolle.at\\\/einladen-feiern\\\/#primaryimage\"},\"thumbnailUrl\":\"https:\\\/\\\/frauwolle.at\\\/wp-content\\\/uploads\\\/2022\\\/04\\\/vor-ort-2.jpg\",\"datePublished\":\"2024-08-20T18:29:08+00:00\",\"dateModified\":\"2025-09-18T15:57:36+00:00\",\"breadcrumb\":{\"@id\":\"https:\\\/\\\/frauwolle.at\\\/einladen-feiern\\\/#breadcrumb\"},\"inLanguage\":\"en-UK\",\"potentialAction\":[{\"@type\":\"ReadAction\",\"target\":[\"https:\\\/\\\/frauwolle.at\\\/einladen-feiern\\\/\"]}]},{\"@type\":\"ImageObject\",\"inLanguage\":\"en-UK\",\"@id\":\"https:\\\/\\\/frauwolle.at\\\/einladen-feiern\\\/#primaryimage\",\"url\":\"https:\\\/\\\/frauwolle.at\\\/wp-content\\\/uploads\\\/2022\\\/04\\\/vor-ort-2.jpg\",\"contentUrl\":\"https:\\\/\\\/frauwolle.at\\\/wp-content\\\/uploads\\\/2022\\\/04\\\/vor-ort-2.jpg\",\"width\":477,\"height\":236},{\"@type\":\"BreadcrumbList\",\"@id\":\"https:\\\/\\\/frauwolle.at\\\/einladen-feiern\\\/#breadcrumb\",\"itemListElement\":[{\"@type\":\"ListItem\",\"position\":1,\"name\":\"Startseite\",\"item\":\"https:\\\/\\\/frauwolle.at\\\/\"},{\"@type\":\"ListItem\",\"position\":2,\"name\":\"Einladen\"}]},{\"@type\":\"WebSite\",\"@id\":\"https:\\\/\\\/frauwolle.at\\\/#website\",\"url\":\"https:\\\/\\\/frauwolle.at\\\/\",\"name\":\"M\u00e4rchenerz\u00e4hlerin Frau Wolle\",\"description\":\"Erz\u00e4hlabende, B\u00fccher, Coaching\",\"publisher\":{\"@id\":\"https:\\\/\\\/frauwolle.at\\\/#\\\/schema\\\/person\\\/0b5b278292d8feda95d2b1707ce2c028\"},\"potentialAction\":[{\"@type\":\"SearchAction\",\"target\":{\"@type\":\"EntryPoint\",\"urlTemplate\":\"https:\\\/\\\/frauwolle.at\\\/?s={search_term_string}\"},\"query-input\":{\"@type\":\"PropertyValueSpecification\",\"valueRequired\":true,\"valueName\":\"search_term_string\"}}],\"inLanguage\":\"en-UK\"},{\"@type\":[\"Person\",\"Organization\"],\"@id\":\"https:\\\/\\\/frauwolle.at\\\/#\\\/schema\\\/person\\\/0b5b278292d8feda95d2b1707ce2c028\",\"name\":\"Frau Wolle\",\"image\":{\"@type\":\"ImageObject\",\"inLanguage\":\"en-UK\",\"@id\":\"https:\\\/\\\/frauwolle.at\\\/wp-content\\\/uploads\\\/2022\\\/07\\\/schriftzug-frau-wolle.png\",\"url\":\"https:\\\/\\\/frauwolle.at\\\/wp-content\\\/uploads\\\/2022\\\/07\\\/schriftzug-frau-wolle.png\",\"contentUrl\":\"https:\\\/\\\/frauwolle.at\\\/wp-content\\\/uploads\\\/2022\\\/07\\\/schriftzug-frau-wolle.png\",\"width\":1245,\"height\":412,\"caption\":\"Frau Wolle\"},\"logo\":{\"@id\":\"https:\\\/\\\/frauwolle.at\\\/wp-content\\\/uploads\\\/2022\\\/07\\\/schriftzug-frau-wolle.png\"},\"sameAs\":[\"https:\\\/\\\/www.youtube.com\\\/user\\\/FrauwolleKTscholl\"]},{\"@type\":\"Person\",\"@id\":\"https:\\\/\\\/frauwolle.at\\\/#\\\/schema\\\/person\\\/dc2f9535e5452c41fe4ab467af9bb17d\",\"name\":\"pixlerei\",\"sameAs\":[\"https:\\\/\\\/frauwolle.at\"],\"url\":\"https:\\\/\\\/frauwolle.at\\\/en_uk\\\/author\\\/pixlerei\\\/\"}]}<\/script>\n<!-- \/ Yoast SEO plugin. -->","yoast_head_json":{"title":"Einladen - M\u00e4rchenerz\u00e4hlerin Frau Wolle","robots":{"index":"index","follow":"follow","max-snippet":"max-snippet:-1","max-image-preview":"max-image-preview:large","max-video-preview":"max-video-preview:-1"},"canonical":"https:\/\/frauwolle.at\/en_uk\/einladen-feiern\/","og_locale":"en_US","og_type":"article","og_title":"Einladen - M\u00e4rchenerz\u00e4hlerin Frau Wolle","og_description":"... mich einladen ist leicht. Ich lebe in Tirol, reise oft und weit, erz\u00e4hle an vielen verschiedenen Orten und f\u00fcr ganz unterschiedliche Menschen!","og_url":"https:\/\/frauwolle.at\/en_uk\/einladen-feiern\/","og_site_name":"M\u00e4rchenerz\u00e4hlerin Frau Wolle","article_published_time":"2024-08-20T18:29:08+00:00","article_modified_time":"2025-09-18T15:57:36+00:00","og_image":[{"width":477,"height":236,"url":"https:\/\/frauwolle.at\/wp-content\/uploads\/2022\/04\/vor-ort-2.jpg","type":"image\/jpeg"}],"author":"pixlerei","twitter_card":"summary_large_image","twitter_misc":{"Written by":"pixlerei","Est. reading time":"3 minutes"},"schema":{"@context":"https:\/\/schema.org","@graph":[{"@type":"Article","@id":"https:\/\/frauwolle.at\/einladen-feiern\/#article","isPartOf":{"@id":"https:\/\/frauwolle.at\/einladen-feiern\/"},"author":{"name":"pixlerei","@id":"https:\/\/frauwolle.at\/#\/schema\/person\/dc2f9535e5452c41fe4ab467af9bb17d"},"headline":"Einladen","datePublished":"2024-08-20T18:29:08+00:00","dateModified":"2025-09-18T15:57:36+00:00","mainEntityOfPage":{"@id":"https:\/\/frauwolle.at\/einladen-feiern\/"},"wordCount":498,"publisher":{"@id":"https:\/\/frauwolle.at\/#\/schema\/person\/0b5b278292d8feda95d2b1707ce2c028"},"image":{"@id":"https:\/\/frauwolle.at\/einladen-feiern\/#primaryimage"},"thumbnailUrl":"https:\/\/frauwolle.at\/wp-content\/uploads\/2022\/04\/vor-ort-2.jpg","articleSection":["Allgemein","Angebote"],"inLanguage":"en-UK"},{"@type":"WebPage","@id":"https:\/\/frauwolle.at\/einladen-feiern\/","url":"https:\/\/frauwolle.at\/einladen-feiern\/","name":"Einladen - M\u00e4rchenerz\u00e4hlerin Frau Wolle","isPartOf":{"@id":"https:\/\/frauwolle.at\/#website"},"primaryImageOfPage":{"@id":"https:\/\/frauwolle.at\/einladen-feiern\/#primaryimage"},"image":{"@id":"https:\/\/frauwolle.at\/einladen-feiern\/#primaryimage"},"thumbnailUrl":"https:\/\/frauwolle.at\/wp-content\/uploads\/2022\/04\/vor-ort-2.jpg","datePublished":"2024-08-20T18:29:08+00:00","dateModified":"2025-09-18T15:57:36+00:00","breadcrumb":{"@id":"https:\/\/frauwolle.at\/einladen-feiern\/#breadcrumb"},"inLanguage":"en-UK","potentialAction":[{"@type":"ReadAction","target":["https:\/\/frauwolle.at\/einladen-feiern\/"]}]},{"@type":"ImageObject","inLanguage":"en-UK","@id":"https:\/\/frauwolle.at\/einladen-feiern\/#primaryimage","url":"https:\/\/frauwolle.at\/wp-content\/uploads\/2022\/04\/vor-ort-2.jpg","contentUrl":"https:\/\/frauwolle.at\/wp-content\/uploads\/2022\/04\/vor-ort-2.jpg","width":477,"height":236},{"@type":"BreadcrumbList","@id":"https:\/\/frauwolle.at\/einladen-feiern\/#breadcrumb","itemListElement":[{"@type":"ListItem","position":1,"name":"Startseite","item":"https:\/\/frauwolle.at\/"},{"@type":"ListItem","position":2,"name":"Einladen"}]},{"@type":"WebSite","@id":"https:\/\/frauwolle.at\/#website","url":"https:\/\/frauwolle.at\/","name":"Storyteller Frau Wolle","description":"Erz\u00e4hlabende, B\u00fccher, Coaching","publisher":{"@id":"https:\/\/frauwolle.at\/#\/schema\/person\/0b5b278292d8feda95d2b1707ce2c028"},"potentialAction":[{"@type":"SearchAction","target":{"@type":"EntryPoint","urlTemplate":"https:\/\/frauwolle.at\/?s={search_term_string}"},"query-input":{"@type":"PropertyValueSpecification","valueRequired":true,"valueName":"search_term_string"}}],"inLanguage":"en-UK"},{"@type":["Person","Organization"],"@id":"https:\/\/frauwolle.at\/#\/schema\/person\/0b5b278292d8feda95d2b1707ce2c028","name":"Frau Wolle","image":{"@type":"ImageObject","inLanguage":"en-UK","@id":"https:\/\/frauwolle.at\/wp-content\/uploads\/2022\/07\/schriftzug-frau-wolle.png","url":"https:\/\/frauwolle.at\/wp-content\/uploads\/2022\/07\/schriftzug-frau-wolle.png","contentUrl":"https:\/\/frauwolle.at\/wp-content\/uploads\/2022\/07\/schriftzug-frau-wolle.png","width":1245,"height":412,"caption":"Frau Wolle"},"logo":{"@id":"https:\/\/frauwolle.at\/wp-content\/uploads\/2022\/07\/schriftzug-frau-wolle.png"},"sameAs":["https:\/\/www.youtube.com\/user\/FrauwolleKTscholl"]},{"@type":"Person","@id":"https:\/\/frauwolle.at\/#\/schema\/person\/dc2f9535e5452c41fe4ab467af9bb17d","name":"pixlerei","sameAs":["https:\/\/frauwolle.at"],"url":"https:\/\/frauwolle.at\/en_uk\/author\/pixlerei\/"}]}},"_links":{"self":[{"href":"https:\/\/frauwolle.at\/en_uk\/wp-json\/wp\/v2\/posts\/568","targetHints":{"allow":["GET"]}}],"collection":[{"href":"https:\/\/frauwolle.at\/en_uk\/wp-json\/wp\/v2\/posts"}],"about":[{"href":"https:\/\/frauwolle.at\/en_uk\/wp-json\/wp\/v2\/types\/post"}],"author":[{"embeddable":true,"href":"https:\/\/frauwolle.at\/en_uk\/wp-json\/wp\/v2\/users\/1"}],"replies":[{"embeddable":true,"href":"https:\/\/frauwolle.at\/en_uk\/wp-json\/wp\/v2\/comments?post=568"}],"version-history":[{"count":1,"href":"https:\/\/frauwolle.at\/en_uk\/wp-json\/wp\/v2\/posts\/568\/revisions"}],"predecessor-version":[{"id":5038,"href":"https:\/\/frauwolle.at\/en_uk\/wp-json\/wp\/v2\/posts\/568\/revisions\/5038"}],"wp:featuredmedia":[{"embeddable":true,"href":"https:\/\/frauwolle.at\/en_uk\/wp-json\/wp\/v2\/media\/141"}],"wp:attachment":[{"href":"https:\/\/frauwolle.at\/en_uk\/wp-json\/wp\/v2\/media?parent=568"}],"wp:term":[{"taxonomy":"category","embeddable":true,"href":"https:\/\/frauwolle.at\/en_uk\/wp-json\/wp\/v2\/categories?post=568"},{"taxonomy":"post_tag","embeddable":true,"href":"https:\/\/frauwolle.at\/en_uk\/wp-json\/wp\/v2\/tags?post=568"}],"curies":[{"name":"wp","href":"https:\/\/api.w.org\/{rel}","templated":true}]}}